{"id":4644,"date":"2024-05-13T16:15:50","date_gmt":"2024-05-13T14:15:50","guid":{"rendered":"https:\/\/culturayciencia.org\/litterae\/?p=4644"},"modified":"2024-05-17T15:26:54","modified_gmt":"2024-05-17T13:26:54","slug":"fomento-de-la-lectura-casos-de-exito","status":"publish","type":"post","link":"https:\/\/culturayciencia.org\/litterae\/fomento-de-la-lectura-casos-de-exito\/","title":{"rendered":"Fomento de la lectura: casos de \u00e9xito"},"content":{"rendered":"\n<div style=\"height:47px\" aria-hidden=\"true\" class=\"wp-block-spacer\"><\/div>\n\n\n\n<div class=\"wp-block-uagb-advanced-heading uagb-block-654819c5\"><h2 class=\"uagb-heading-text\"><strong><strong>Fomento de la lectura: casos de \u00e9xito<\/strong><\/strong><\/h2><p class=\"uagb-desc-text\">S\u00e1bado, 25 de Mayo a las 18:30h.<\/p><\/div>\n\n\n\n<p class=\"has-text-align-center\">Los responsables de distintos proyectos que buscan fomentar la lectura nos contar\u00e1n de primera mano los resultados obtenidos, los \u00edndices de participaci\u00f3n y c\u00f3mo ven el futuro de estas acciones.<\/p>\n\n\n\n<p class=\"has-text-align-center has-vivid-red-color has-text-color has-medium-font-size\"><strong>Participan<\/strong>:<\/p>\n\n\n\n<div class=\"wp-block-columns is-layout-flex wp-container-core-columns-is-layout-9d6595d7 wp-block-columns-is-layout-flex\">\n<div class=\"wp-block-column is-layout-flow wp-block-column-is-layout-flow\"><div class=\"wp-block-image is-style-rounded\">\n<figure class=\"aligncenter size-full\"><img loading=\"lazy\" decoding=\"async\" width=\"417\" height=\"417\" src=\"https:\/\/culturayciencia.org\/litterae\/wp-content\/uploads\/2024\/05\/Alberto_Soler_Soto_Litterae_2024-1.jpg\" alt=\"\" class=\"wp-image-4487\" srcset=\"https:\/\/culturayciencia.org\/litterae\/wp-content\/uploads\/2024\/05\/Alberto_Soler_Soto_Litterae_2024-1.jpg 417w, https:\/\/culturayciencia.org\/litterae\/wp-content\/uploads\/2024\/05\/Alberto_Soler_Soto_Litterae_2024-1-300x300.jpg 300w, https:\/\/culturayciencia.org\/litterae\/wp-content\/uploads\/2024\/05\/Alberto_Soler_Soto_Litterae_2024-1-150x150.jpg 150w\" sizes=\"auto, (max-width: 417px) 100vw, 417px\" \/><\/figure>\n<\/div>\n\n\n<p class=\"has-text-align-center\"><strong><strong><strong><strong><strong><strong><strong><strong><strong><strong><strong><strong><strong><strong><strong><strong><strong><strong><strong><strong><strong><strong><a href=\"https:\/\/culturayciencia.org\/litterae\/humberto-miro\/\"><\/a><a href=\"https:\/\/culturayciencia.org\/litterae\/mariano-antolin-rato\/\"><\/a><a href=\"https:\/\/culturayciencia.org\/litterae\/pedro-meseguer\/\" rel=\"sponsored nofollow\"><\/a><a href=\"https:\/\/culturayciencia.org\/litterae\/alberto-soler-soto\/\"><strong>Alberto Soler<\/strong><\/a><\/strong><\/strong><\/strong><\/strong><\/strong><\/strong><\/strong><\/strong><\/strong><\/strong><\/strong><\/strong><\/strong><\/strong><\/strong><\/strong><\/strong><\/strong><\/strong><\/strong><\/strong><\/strong><\/p>\n\n\n\n<p class=\"has-text-align-center has-vivid-red-color has-text-color\" style=\"font-size:15px\">Coordinador \u2013 Premio Mandarache<\/p>\n\n\n\n<p class=\"has-text-align-center has-vivid-red-color has-text-color\"><a href=\"https:\/\/culturayciencia.org\/litterae\/alberto-soler-soto\/\">+ Informaci\u00f3n<\/a><\/p>\n<\/div>\n\n\n\n<div class=\"wp-block-column is-layout-flow wp-block-column-is-layout-flow\"><div class=\"wp-block-image is-style-rounded\">\n<figure class=\"aligncenter size-full\"><a href=\"https:\/\/culturayciencia.org\/litterae\/benjamin-recacha\/\"><img loading=\"lazy\" decoding=\"async\" width=\"417\" height=\"417\" src=\"https:\/\/culturayciencia.org\/litterae\/wp-content\/uploads\/2024\/05\/Benjamin_Recacha_Litterae_2024-1.jpg\" alt=\"\" class=\"wp-image-4475\" srcset=\"https:\/\/culturayciencia.org\/litterae\/wp-content\/uploads\/2024\/05\/Benjamin_Recacha_Litterae_2024-1.jpg 417w, https:\/\/culturayciencia.org\/litterae\/wp-content\/uploads\/2024\/05\/Benjamin_Recacha_Litterae_2024-1-300x300.jpg 300w, https:\/\/culturayciencia.org\/litterae\/wp-content\/uploads\/2024\/05\/Benjamin_Recacha_Litterae_2024-1-150x150.jpg 150w\" sizes=\"auto, (max-width: 417px) 100vw, 417px\" \/><\/a><\/figure>\n<\/div>\n\n\n<p class=\"has-text-align-center\"><strong><strong><strong><strong><strong><strong><strong><strong><strong><strong><strong><strong><strong><strong><strong><strong><strong><strong><strong><strong><strong><strong><strong><strong><a href=\"https:\/\/culturayciencia.org\/litterae\/antonio-corzo\/\"><\/a><a href=\"https:\/\/culturayciencia.org\/litterae\/natalia-zarco\/\"><\/a><a href=\"https:\/\/culturayciencia.org\/litterae\/antonio-maria-avila-alvarez\/\"><\/a><a href=\"https:\/\/culturayciencia.org\/litterae\/benjamin-recacha\/\"><strong>Benjam\u00edn Recacha<\/strong><\/a><\/strong><\/strong><\/strong><\/strong><\/strong><\/strong><\/strong><\/strong><\/strong><\/strong><\/strong><\/strong><\/strong><\/strong><\/strong><\/strong><\/strong><\/strong><\/strong><\/strong><\/strong><\/strong><\/strong><\/strong><\/p>\n\n\n\n<p class=\"has-text-align-center has-vivid-red-color has-text-color\" style=\"font-size:15px\">Miembro del equipo docente y de comunicaci\u00f3n.<br>Asociaci\u00f3n Atrapavientos.<\/p>\n\n\n\n<p class=\"has-text-align-center has-vivid-red-color has-text-color\"><a href=\"https:\/\/culturayciencia.org\/litterae\/benjamin-recacha\/\">+ Informaci\u00f3n<\/a><\/p>\n<\/div>\n\n\n\n<div class=\"wp-block-column is-layout-flow wp-block-column-is-layout-flow\"><div class=\"wp-block-image is-style-rounded\">\n<figure class=\"aligncenter size-full\"><img loading=\"lazy\" decoding=\"async\" width=\"417\" height=\"417\" src=\"https:\/\/culturayciencia.org\/litterae\/wp-content\/uploads\/2024\/05\/Jose_Molina_Litterae_2024-1.jpg\" alt=\"\" class=\"wp-image-4545\" srcset=\"https:\/\/culturayciencia.org\/litterae\/wp-content\/uploads\/2024\/05\/Jose_Molina_Litterae_2024-1.jpg 417w, https:\/\/culturayciencia.org\/litterae\/wp-content\/uploads\/2024\/05\/Jose_Molina_Litterae_2024-1-300x300.jpg 300w, https:\/\/culturayciencia.org\/litterae\/wp-content\/uploads\/2024\/05\/Jose_Molina_Litterae_2024-1-150x150.jpg 150w\" sizes=\"auto, (max-width: 417px) 100vw, 417px\" \/><\/figure>\n<\/div>\n\n\n<p class=\"has-text-align-center\"><b><a href=\"https:\/\/culturayciencia.org\/litterae\/jose-molina\/\"><strong>Jos\u00e9 Molina<\/strong><\/a><\/b><\/p>\n\n\n\n<p class=\"has-text-align-center has-vivid-red-color has-text-color\" style=\"font-size:15px\">Creador de Vallecas Todo Cultura.<\/p>\n\n\n\n<p class=\"has-text-align-center has-vivid-red-color has-text-color\"><a href=\"https:\/\/culturayciencia.org\/litterae\/covadonga-dlom\/\">+ <\/a><a href=\"https:\/\/culturayciencia.org\/litterae\/jose-molina\/\">Informaci\u00f3n<\/a><\/p>\n<\/div>\n\n\n\n<div class=\"wp-block-column is-layout-flow wp-block-column-is-layout-flow\"><div class=\"wp-block-image is-style-rounded\">\n<figure class=\"aligncenter size-full\"><img loading=\"lazy\" decoding=\"async\" width=\"417\" height=\"449\" src=\"https:\/\/culturayciencia.org\/litterae\/wp-content\/uploads\/2023\/07\/Antonio_Liu_Yang_Litterae_23.jpg\" alt=\"\" class=\"wp-image-4220\" srcset=\"https:\/\/culturayciencia.org\/litterae\/wp-content\/uploads\/2023\/07\/Antonio_Liu_Yang_Litterae_23.jpg 417w, https:\/\/culturayciencia.org\/litterae\/wp-content\/uploads\/2023\/07\/Antonio_Liu_Yang_Litterae_23-279x300.jpg 279w\" sizes=\"auto, (max-width: 417px) 100vw, 417px\" \/><\/figure>\n<\/div>\n\n\n<p class=\"has-text-align-center\"><strong><a href=\"https:\/\/culturayciencia.org\/litterae\/valentina-pozzoli\/\"><\/a><a href=\"https:\/\/culturayciencia.org\/litterae\/eva-boj\/\"><\/a><a href=\"https:\/\/culturayciencia.org\/litterae\/raul-herrero\/\"><\/a><\/strong><a href=\"https:\/\/culturayciencia.org\/litterae\/antonio-liu-yang\/\"><strong>Antonio Liu Yang<\/strong><br><\/a><em>(Moderador)<\/em><\/p>\n\n\n\n<p class=\"has-text-align-center has-vivid-red-color has-text-color\" style=\"font-size:15px\">Facilitador intercultural<\/p>\n\n\n\n<p class=\"has-text-align-center has-vivid-red-color has-text-color\"><a href=\"https:\/\/culturayciencia.org\/litterae\/raul-herrero\/\">+ <\/a><a href=\"https:\/\/culturayciencia.org\/litterae\/antonio-liu-yang\/\">Informaci\u00f3n<\/a><\/p>\n<\/div>\n<\/div>\n\n\n\n<p><\/p>\n","protected":false},"excerpt":{"rendered":"","protected":false},"author":4,"featured_media":4645,"comment_status":"closed","ping_status":"closed","sticky":false,"template":"","format":"standard","meta":{"_acf_changed":false,"om_disable_all_campaigns":false,"_uag_custom_page_level_css":"","_monsterinsights_skip_tracking":false,"_monsterinsights_sitenote_active":false,"_monsterinsights_sitenote_note":"","_monsterinsights_sitenote_category":0,"_uf_show_specific_survey":0,"_uf_disable_surveys":false,"footnotes":""},"categories":[1],"tags":[],"class_list":["post-4644","post","type-post","status-publish","format-standard","has-post-thumbnail","hentry","category-uncategorized","no-featured-image-padding"],"acf":[],"aioseo_notices":[],"jetpack_featured_media_url":"https:\/\/culturayciencia.org\/litterae\/wp-content\/uploads\/2024\/05\/Fomento_lecturas_litterae_2024-scaled.jpg","uagb_featured_image_src":{"full":["https:\/\/culturayciencia.org\/litterae\/wp-content\/uploads\/2024\/05\/Fomento_lecturas_litterae_2024-scaled.jpg",2560,1441,false],"thumbnail":["https:\/\/culturayciencia.org\/litterae\/wp-content\/uploads\/2024\/05\/Fomento_lecturas_litterae_2024-150x150.jpg",150,150,true],"medium":["https:\/\/culturayciencia.org\/litterae\/wp-content\/uploads\/2024\/05\/Fomento_lecturas_litterae_2024-300x169.jpg",300,169,true],"medium_large":["https:\/\/culturayciencia.org\/litterae\/wp-content\/uploads\/2024\/05\/Fomento_lecturas_litterae_2024-768x432.jpg",768,432,true],"large":["https:\/\/culturayciencia.org\/litterae\/wp-content\/uploads\/2024\/05\/Fomento_lecturas_litterae_2024-1024x576.jpg",1024,576,true],"1536x1536":["https:\/\/culturayciencia.org\/litterae\/wp-content\/uploads\/2024\/05\/Fomento_lecturas_litterae_2024-1536x864.jpg",1536,864,true],"2048x2048":["https:\/\/culturayciencia.org\/litterae\/wp-content\/uploads\/2024\/05\/Fomento_lecturas_litterae_2024-2048x1152.jpg",2048,1152,true]},"uagb_author_info":{"display_name":false,"author_link":"https:\/\/culturayciencia.org\/litterae\/author\/librerae\/"},"uagb_comment_info":0,"uagb_excerpt":null,"_links":{"self":[{"href":"https:\/\/culturayciencia.org\/litterae\/wp-json\/wp\/v2\/posts\/4644","targetHints":{"allow":["GET"]}}],"collection":[{"href":"https:\/\/culturayciencia.org\/litterae\/wp-json\/wp\/v2\/posts"}],"about":[{"href":"https:\/\/culturayciencia.org\/litterae\/wp-json\/wp\/v2\/types\/post"}],"author":[{"embeddable":true,"href":"https:\/\/culturayciencia.org\/litterae\/wp-json\/wp\/v2\/users\/4"}],"replies":[{"embeddable":true,"href":"https:\/\/culturayciencia.org\/litterae\/wp-json\/wp\/v2\/comments?post=4644"}],"version-history":[{"count":0,"href":"https:\/\/culturayciencia.org\/litterae\/wp-json\/wp\/v2\/posts\/4644\/revisions"}],"wp:featuredmedia":[{"embeddable":true,"href":"https:\/\/culturayciencia.org\/litterae\/wp-json\/wp\/v2\/media\/4645"}],"wp:attachment":[{"href":"https:\/\/culturayciencia.org\/litterae\/wp-json\/wp\/v2\/media?parent=4644"}],"wp:term":[{"taxonomy":"category","embeddable":true,"href":"https:\/\/culturayciencia.org\/litterae\/wp-json\/wp\/v2\/categories?post=4644"},{"taxonomy":"post_tag","embeddable":true,"href":"https:\/\/culturayciencia.org\/litterae\/wp-json\/wp\/v2\/tags?post=4644"}],"curies":[{"name":"wp","href":"https:\/\/api.w.org\/{rel}","templated":true}]}}