{"id":4662,"date":"2024-05-13T18:29:39","date_gmt":"2024-05-13T16:29:39","guid":{"rendered":"https:\/\/culturayciencia.org\/litterae\/?p=4662"},"modified":"2024-05-17T15:15:20","modified_gmt":"2024-05-17T13:15:20","slug":"como-transformara-la-ia-el-sector-editorial","status":"publish","type":"post","link":"https:\/\/culturayciencia.org\/litterae\/como-transformara-la-ia-el-sector-editorial\/","title":{"rendered":"\u00bfC\u00f3mo transformar\u00e1 la IA el sector editorial?"},"content":{"rendered":"\n<div style=\"height:47px\" aria-hidden=\"true\" class=\"wp-block-spacer\"><\/div>\n\n\n\n<div class=\"wp-block-uagb-advanced-heading uagb-block-654819c5\"><h2 class=\"uagb-heading-text\"><strong><strong><strong>\u00bfC\u00f3mo transformar\u00e1 la IA el sector editorial?<\/strong><\/strong><\/strong><\/h2><p class=\"uagb-desc-text\">S\u00e1bado, 25 de Mayo a las 10:30h.<\/p><\/div>\n\n\n\n<p class=\"has-text-align-center\">Se analizar\u00e1 c\u00f3mo est\u00e1 afectando ya la Inteligencia Artificial al sector editorial. Y se intentar\u00e1 dar respuesta a si las profesiones relacionadas con la industria editorial tienen en la IA un aliado o un enemigo. Por otro lado, y ya que ha venido para quedarse, hablaremos del buen uso de esta tecnolog\u00eda.<\/p>\n\n\n\n<p class=\"has-text-align-center has-vivid-red-color has-text-color has-medium-font-size\"><strong>Participan<\/strong>:<\/p>\n\n\n\n<div class=\"wp-block-columns is-layout-flex wp-container-core-columns-is-layout-9d6595d7 wp-block-columns-is-layout-flex\">\n<div class=\"wp-block-column is-layout-flow wp-block-column-is-layout-flow\"><div class=\"wp-block-image is-style-rounded\">\n<figure class=\"aligncenter size-full\"><img loading=\"lazy\" decoding=\"async\" width=\"417\" height=\"417\" src=\"https:\/\/culturayciencia.org\/litterae\/wp-content\/uploads\/2024\/05\/Hector_Calvo_Litterae_2024-1.jpg\" alt=\"\" class=\"wp-image-4555\" srcset=\"https:\/\/culturayciencia.org\/litterae\/wp-content\/uploads\/2024\/05\/Hector_Calvo_Litterae_2024-1.jpg 417w, https:\/\/culturayciencia.org\/litterae\/wp-content\/uploads\/2024\/05\/Hector_Calvo_Litterae_2024-1-300x300.jpg 300w, https:\/\/culturayciencia.org\/litterae\/wp-content\/uploads\/2024\/05\/Hector_Calvo_Litterae_2024-1-150x150.jpg 150w\" sizes=\"auto, (max-width: 417px) 100vw, 417px\" \/><\/figure>\n<\/div>\n\n\n<p class=\"has-text-align-center\"><strong><strong><strong><strong><strong><strong><strong><strong><strong><strong><strong><strong><strong><strong><strong><strong><strong><strong><strong><strong><strong><strong><a href=\"https:\/\/culturayciencia.org\/litterae\/humberto-miro\/\"><\/a><a href=\"https:\/\/culturayciencia.org\/litterae\/mariano-antolin-rato\/\"><\/a><a href=\"https:\/\/culturayciencia.org\/litterae\/pedro-meseguer\/\" rel=\"sponsored nofollow\"><\/a><a href=\"https:\/\/culturayciencia.org\/litterae\/hector-calvo\/\"><strong><strong>H\u00e9ctor Calvo<\/strong><\/strong><\/a><\/strong><\/strong><\/strong><\/strong><\/strong><\/strong><\/strong><\/strong><\/strong><\/strong><\/strong><\/strong><\/strong><\/strong><\/strong><\/strong><\/strong><\/strong><\/strong><\/strong><\/strong><\/strong><\/p>\n\n\n\n<p class=\"has-text-align-center has-vivid-red-color has-text-color\" style=\"font-size:15px\">Subdirector del Centro de Coordinaci\u00f3n de Industrias Culturales del Ministerio de Cultura<\/p>\n\n\n\n<p class=\"has-text-align-center has-vivid-red-color has-text-color\"><a href=\"https:\/\/culturayciencia.org\/litterae\/hector-calvo\/\">+ Informaci\u00f3n<\/a><\/p>\n<\/div>\n\n\n\n<div class=\"wp-block-column is-layout-flow wp-block-column-is-layout-flow\"><div class=\"wp-block-image is-style-rounded\">\n<figure class=\"aligncenter size-full\"><img loading=\"lazy\" decoding=\"async\" width=\"417\" height=\"417\" src=\"https:\/\/culturayciencia.org\/litterae\/wp-content\/uploads\/2024\/05\/Arantza_Larrauri_Litterae_2024-1.jpg\" alt=\"\" class=\"wp-image-4471\" srcset=\"https:\/\/culturayciencia.org\/litterae\/wp-content\/uploads\/2024\/05\/Arantza_Larrauri_Litterae_2024-1.jpg 417w, https:\/\/culturayciencia.org\/litterae\/wp-content\/uploads\/2024\/05\/Arantza_Larrauri_Litterae_2024-1-300x300.jpg 300w, https:\/\/culturayciencia.org\/litterae\/wp-content\/uploads\/2024\/05\/Arantza_Larrauri_Litterae_2024-1-150x150.jpg 150w\" sizes=\"auto, (max-width: 417px) 100vw, 417px\" \/><\/figure>\n<\/div>\n\n\n<p class=\"has-text-align-center\"><strong><strong><strong><strong><strong><strong><strong><strong><strong><strong><strong><strong><strong><strong><strong><strong><strong><strong><strong><strong><strong><strong><strong><strong><a href=\"https:\/\/culturayciencia.org\/litterae\/antonio-corzo\/\"><\/a><a href=\"https:\/\/culturayciencia.org\/litterae\/natalia-zarco\/\"><\/a><a href=\"https:\/\/culturayciencia.org\/litterae\/antonio-maria-avila-alvarez\/\"><\/a><a href=\"https:\/\/culturayciencia.org\/litterae\/arantza-larrauri\/\"><strong><strong>Arantza Larrauri<\/strong><\/strong><\/a><\/strong><\/strong><\/strong><\/strong><\/strong><\/strong><\/strong><\/strong><\/strong><\/strong><\/strong><\/strong><\/strong><\/strong><\/strong><\/strong><\/strong><\/strong><\/strong><\/strong><\/strong><\/strong><\/strong><\/strong><\/p>\n\n\n\n<p class=\"has-text-align-center has-vivid-red-color has-text-color\" style=\"font-size:15px\">Directora general de Libranda<\/p>\n\n\n\n<p class=\"has-text-align-center has-vivid-red-color has-text-color\"><a href=\"https:\/\/culturayciencia.org\/litterae\/arantza-larrauri\/\">+ Informaci\u00f3n<\/a><\/p>\n<\/div>\n\n\n\n<div class=\"wp-block-column is-layout-flow wp-block-column-is-layout-flow\"><div class=\"wp-block-image is-style-rounded\">\n<figure class=\"aligncenter size-full\"><img loading=\"lazy\" decoding=\"async\" width=\"417\" height=\"417\" src=\"https:\/\/culturayciencia.org\/litterae\/wp-content\/uploads\/2024\/05\/Antonio_Quiros_Litterae_2024-1.jpg\" alt=\"\" class=\"wp-image-4467\" srcset=\"https:\/\/culturayciencia.org\/litterae\/wp-content\/uploads\/2024\/05\/Antonio_Quiros_Litterae_2024-1.jpg 417w, https:\/\/culturayciencia.org\/litterae\/wp-content\/uploads\/2024\/05\/Antonio_Quiros_Litterae_2024-1-300x300.jpg 300w, https:\/\/culturayciencia.org\/litterae\/wp-content\/uploads\/2024\/05\/Antonio_Quiros_Litterae_2024-1-150x150.jpg 150w\" sizes=\"auto, (max-width: 417px) 100vw, 417px\" \/><\/figure>\n<\/div>\n\n\n<p class=\"has-text-align-center\"><b><a href=\"https:\/\/culturayciencia.org\/litterae\/jose-molina\/\"><strong><strong>Antonio Quir\u00f3s<\/strong><\/strong><\/a><\/b><\/p>\n\n\n\n<p class=\"has-text-align-center has-vivid-red-color has-text-color\" style=\"font-size:15px\">Fundador de Intelivoz<\/p>\n\n\n\n<p class=\"has-text-align-center has-vivid-red-color has-text-color\"><a href=\"https:\/\/culturayciencia.org\/litterae\/covadonga-dlom\/\">+ <\/a><a href=\"https:\/\/culturayciencia.org\/litterae\/antonio-quiros\/\">Informaci\u00f3n<\/a><\/p>\n<\/div>\n\n\n\n<div class=\"wp-block-column is-layout-flow wp-block-column-is-layout-flow\"><div class=\"wp-block-image is-style-rounded\">\n<figure class=\"aligncenter size-full\"><img loading=\"lazy\" decoding=\"async\" width=\"417\" height=\"417\" src=\"https:\/\/culturayciencia.org\/litterae\/wp-content\/uploads\/2024\/05\/Jose_Luis_Delrio_Litterae_2024-1.jpg\" alt=\"\" class=\"wp-image-4561\" srcset=\"https:\/\/culturayciencia.org\/litterae\/wp-content\/uploads\/2024\/05\/Jose_Luis_Delrio_Litterae_2024-1.jpg 417w, https:\/\/culturayciencia.org\/litterae\/wp-content\/uploads\/2024\/05\/Jose_Luis_Delrio_Litterae_2024-1-300x300.jpg 300w, https:\/\/culturayciencia.org\/litterae\/wp-content\/uploads\/2024\/05\/Jose_Luis_Delrio_Litterae_2024-1-150x150.jpg 150w\" sizes=\"auto, (max-width: 417px) 100vw, 417px\" \/><\/figure>\n<\/div>\n\n\n<p class=\"has-text-align-center\"><strong><a href=\"https:\/\/culturayciencia.org\/litterae\/valentina-pozzoli\/\"><\/a><a href=\"https:\/\/culturayciencia.org\/litterae\/eva-boj\/\"><\/a><a href=\"https:\/\/culturayciencia.org\/litterae\/raul-herrero\/\"><\/a><\/strong><a href=\"https:\/\/culturayciencia.org\/litterae\/jose-luis-del-rio\/\"><strong>Jos\u00e9 Luis del Rio<\/strong><br><\/a><em>(Moderador)<\/em><\/p>\n\n\n\n<p class=\"has-text-align-center has-vivid-red-color has-text-color\" style=\"font-size:15px\">Fundador Apache Libros<\/p>\n\n\n\n<p class=\"has-text-align-center has-vivid-red-color has-text-color\"><a href=\"https:\/\/culturayciencia.org\/litterae\/jose-luis-del-rio\/\">+ Informaci\u00f3n<\/a><\/p>\n<\/div>\n<\/div>\n\n\n\n<p><\/p>\n","protected":false},"excerpt":{"rendered":"","protected":false},"author":4,"featured_media":4663,"comment_status":"closed","ping_status":"closed","sticky":false,"template":"","format":"standard","meta":{"_acf_changed":false,"om_disable_all_campaigns":false,"_uag_custom_page_level_css":"","_monsterinsights_skip_tracking":false,"_monsterinsights_sitenote_active":false,"_monsterinsights_sitenote_note":"","_monsterinsights_sitenote_category":0,"_uf_show_specific_survey":0,"_uf_disable_surveys":false,"footnotes":""},"categories":[1],"tags":[],"class_list":["post-4662","post","type-post","status-publish","format-standard","has-post-thumbnail","hentry","category-uncategorized","no-featured-image-padding"],"acf":[],"aioseo_notices":[],"jetpack_featured_media_url":"https:\/\/culturayciencia.org\/litterae\/wp-content\/uploads\/2024\/05\/Como_transformara_la_ia_el_sector_editorial_litterae_2024-scaled.jpg","uagb_featured_image_src":{"full":["https:\/\/culturayciencia.org\/litterae\/wp-content\/uploads\/2024\/05\/Como_transformara_la_ia_el_sector_editorial_litterae_2024-scaled.jpg",2560,1441,false],"thumbnail":["https:\/\/culturayciencia.org\/litterae\/wp-content\/uploads\/2024\/05\/Como_transformara_la_ia_el_sector_editorial_litterae_2024-150x150.jpg",150,150,true],"medium":["https:\/\/culturayciencia.org\/litterae\/wp-content\/uploads\/2024\/05\/Como_transformara_la_ia_el_sector_editorial_litterae_2024-300x169.jpg",300,169,true],"medium_large":["https:\/\/culturayciencia.org\/litterae\/wp-content\/uploads\/2024\/05\/Como_transformara_la_ia_el_sector_editorial_litterae_2024-768x432.jpg",768,432,true],"large":["https:\/\/culturayciencia.org\/litterae\/wp-content\/uploads\/2024\/05\/Como_transformara_la_ia_el_sector_editorial_litterae_2024-1024x576.jpg",1024,576,true],"1536x1536":["https:\/\/culturayciencia.org\/litterae\/wp-content\/uploads\/2024\/05\/Como_transformara_la_ia_el_sector_editorial_litterae_2024-1536x864.jpg",1536,864,true],"2048x2048":["https:\/\/culturayciencia.org\/litterae\/wp-content\/uploads\/2024\/05\/Como_transformara_la_ia_el_sector_editorial_litterae_2024-2048x1152.jpg",2048,1152,true]},"uagb_author_info":{"display_name":false,"author_link":"https:\/\/culturayciencia.org\/litterae\/author\/librerae\/"},"uagb_comment_info":0,"uagb_excerpt":null,"_links":{"self":[{"href":"https:\/\/culturayciencia.org\/litterae\/wp-json\/wp\/v2\/posts\/4662","targetHints":{"allow":["GET"]}}],"collection":[{"href":"https:\/\/culturayciencia.org\/litterae\/wp-json\/wp\/v2\/posts"}],"about":[{"href":"https:\/\/culturayciencia.org\/litterae\/wp-json\/wp\/v2\/types\/post"}],"author":[{"embeddable":true,"href":"https:\/\/culturayciencia.org\/litterae\/wp-json\/wp\/v2\/users\/4"}],"replies":[{"embeddable":true,"href":"https:\/\/culturayciencia.org\/litterae\/wp-json\/wp\/v2\/comments?post=4662"}],"version-history":[{"count":0,"href":"https:\/\/culturayciencia.org\/litterae\/wp-json\/wp\/v2\/posts\/4662\/revisions"}],"wp:featuredmedia":[{"embeddable":true,"href":"https:\/\/culturayciencia.org\/litterae\/wp-json\/wp\/v2\/media\/4663"}],"wp:attachment":[{"href":"https:\/\/culturayciencia.org\/litterae\/wp-json\/wp\/v2\/media?parent=4662"}],"wp:term":[{"taxonomy":"category","embeddable":true,"href":"https:\/\/culturayciencia.org\/litterae\/wp-json\/wp\/v2\/categories?post=4662"},{"taxonomy":"post_tag","embeddable":true,"href":"https:\/\/culturayciencia.org\/litterae\/wp-json\/wp\/v2\/tags?post=4662"}],"curies":[{"name":"wp","href":"https:\/\/api.w.org\/{rel}","templated":true}]}}