{"id":4670,"date":"2024-05-13T19:09:28","date_gmt":"2024-05-13T17:09:28","guid":{"rendered":"https:\/\/culturayciencia.org\/litterae\/?p=4670"},"modified":"2024-05-17T15:11:30","modified_gmt":"2024-05-17T13:11:30","slug":"desafios-del-libro-espanol-en-el-mercado-internacional","status":"publish","type":"post","link":"https:\/\/culturayciencia.org\/litterae\/desafios-del-libro-espanol-en-el-mercado-internacional\/","title":{"rendered":"Desaf\u00edos del libro espa\u00f1ol en el mercado internacional"},"content":{"rendered":"\n<div style=\"height:47px\" aria-hidden=\"true\" class=\"wp-block-spacer\"><\/div>\n\n\n\n<div class=\"wp-block-uagb-advanced-heading uagb-block-654819c5\"><h2 class=\"uagb-heading-text\"><strong><strong><strong><strong>Desaf\u00edos del libro espa\u00f1ol en el mercado internacional<\/strong><\/strong><\/strong><\/strong><\/h2><p class=\"uagb-desc-text\">Viernes, 24 de Mayo a las 18:00h.<\/p><\/div>\n\n\n\n<p class=\"has-text-align-center\">Esta mesa tratar\u00e1 de la importancia de internacionalizar una editorial o un autor\/a, de las oportunidades que ofrece el mercado internacional, del posicionamiento de nuestros libros en el mercado latinoamericano, de los g\u00e9neros m\u00e1s f\u00e1ciles de vender y, sobre todo, nos dar\u00e1n recomendaciones de qu\u00e9 hacer antes de pensar en internacionalizar.<\/p>\n\n\n\n<p class=\"has-text-align-center has-vivid-red-color has-text-color has-medium-font-size\"><strong>Participan<\/strong>:<\/p>\n\n\n\n<div class=\"wp-block-columns is-layout-flex wp-container-core-columns-is-layout-9d6595d7 wp-block-columns-is-layout-flex\">\n<div class=\"wp-block-column is-layout-flow wp-block-column-is-layout-flow\"><div class=\"wp-block-image is-style-rounded\">\n<figure class=\"aligncenter size-full\"><img loading=\"lazy\" decoding=\"async\" width=\"417\" height=\"417\" src=\"https:\/\/culturayciencia.org\/litterae\/wp-content\/uploads\/2024\/05\/Ella_Sher_Litterae_2024-1.jpg\" alt=\"\" class=\"wp-image-4483\" srcset=\"https:\/\/culturayciencia.org\/litterae\/wp-content\/uploads\/2024\/05\/Ella_Sher_Litterae_2024-1.jpg 417w, https:\/\/culturayciencia.org\/litterae\/wp-content\/uploads\/2024\/05\/Ella_Sher_Litterae_2024-1-300x300.jpg 300w, https:\/\/culturayciencia.org\/litterae\/wp-content\/uploads\/2024\/05\/Ella_Sher_Litterae_2024-1-150x150.jpg 150w\" sizes=\"auto, (max-width: 417px) 100vw, 417px\" \/><\/figure>\n<\/div>\n\n\n<p class=\"has-text-align-center\"><strong><strong><strong><strong><strong><strong><strong><strong><strong><strong><strong><strong><strong><strong><strong><strong><strong><strong><strong><strong><strong><strong><a href=\"https:\/\/culturayciencia.org\/litterae\/humberto-miro\/\"><\/a><a href=\"https:\/\/culturayciencia.org\/litterae\/mariano-antolin-rato\/\"><\/a><a href=\"https:\/\/culturayciencia.org\/litterae\/pedro-meseguer\/\" rel=\"sponsored nofollow\"><\/a><strong><strong><strong><a href=\"https:\/\/culturayciencia.org\/litterae\/ella-sher\/\">Ella Sher<\/a><\/strong><\/strong><\/strong><\/strong><\/strong><\/strong><\/strong><\/strong><\/strong><\/strong><\/strong><\/strong><\/strong><\/strong><\/strong><\/strong><\/strong><\/strong><\/strong><\/strong><\/strong><\/strong><\/strong><\/strong><\/strong><\/p>\n\n\n\n<p class=\"has-text-align-center has-vivid-red-color has-text-color\" style=\"font-size:15px\">Agente Editorial \u2013 The Ella Sher Literary Agency<\/p>\n\n\n\n<p class=\"has-text-align-center has-vivid-red-color has-text-color\"><a href=\"https:\/\/culturayciencia.org\/litterae\/ella-sher\/\">+ Informaci\u00f3n<\/a><\/p>\n<\/div>\n\n\n\n<div class=\"wp-block-column is-layout-flow wp-block-column-is-layout-flow\"><div class=\"wp-block-image is-style-rounded\">\n<figure class=\"aligncenter size-full\"><img loading=\"lazy\" decoding=\"async\" width=\"417\" height=\"417\" src=\"https:\/\/culturayciencia.org\/litterae\/wp-content\/uploads\/2024\/05\/Julian_Nossa_Litterae_2024-1.jpg\" alt=\"\" class=\"wp-image-4506\" srcset=\"https:\/\/culturayciencia.org\/litterae\/wp-content\/uploads\/2024\/05\/Julian_Nossa_Litterae_2024-1.jpg 417w, https:\/\/culturayciencia.org\/litterae\/wp-content\/uploads\/2024\/05\/Julian_Nossa_Litterae_2024-1-300x300.jpg 300w, https:\/\/culturayciencia.org\/litterae\/wp-content\/uploads\/2024\/05\/Julian_Nossa_Litterae_2024-1-150x150.jpg 150w\" sizes=\"auto, (max-width: 417px) 100vw, 417px\" \/><\/figure>\n<\/div>\n\n\n<p class=\"has-text-align-center\"><strong><strong><strong><strong><strong><strong><strong><strong><strong><strong><strong><strong><strong><strong><strong><strong><strong><strong><strong><strong><strong><strong><strong><strong><a href=\"https:\/\/culturayciencia.org\/litterae\/antonio-corzo\/\"><\/a><a href=\"https:\/\/culturayciencia.org\/litterae\/natalia-zarco\/\"><\/a><a href=\"https:\/\/culturayciencia.org\/litterae\/antonio-maria-avila-alvarez\/\"><\/a><strong><strong><strong><a href=\"https:\/\/culturayciencia.org\/litterae\/julian-nossa\/\">Julian Nossa<\/a><\/strong><\/strong><\/strong><\/strong><\/strong><\/strong><\/strong><\/strong><\/strong><\/strong><\/strong><\/strong><\/strong><\/strong><\/strong><\/strong><\/strong><\/strong><\/strong><\/strong><\/strong><\/strong><\/strong><\/strong><\/strong><\/strong><\/strong><\/p>\n\n\n\n<p class=\"has-text-align-center has-vivid-red-color has-text-color\" style=\"font-size:15px\">Agente Editorial \u2013 Books And More #BAM<\/p>\n\n\n\n<p class=\"has-text-align-center has-vivid-red-color has-text-color\"><a href=\"https:\/\/culturayciencia.org\/litterae\/julian-nossa\/\">+ Informaci\u00f3n<\/a><\/p>\n<\/div>\n\n\n\n<div class=\"wp-block-column is-layout-flow wp-block-column-is-layout-flow\"><div class=\"wp-block-image is-style-rounded\">\n<figure class=\"aligncenter size-full\"><img loading=\"lazy\" decoding=\"async\" width=\"417\" height=\"417\" src=\"https:\/\/culturayciencia.org\/litterae\/wp-content\/uploads\/2024\/05\/Martin_Gomez_Litterae_2024-1.jpg\" alt=\"\" class=\"wp-image-4491\" srcset=\"https:\/\/culturayciencia.org\/litterae\/wp-content\/uploads\/2024\/05\/Martin_Gomez_Litterae_2024-1.jpg 417w, https:\/\/culturayciencia.org\/litterae\/wp-content\/uploads\/2024\/05\/Martin_Gomez_Litterae_2024-1-300x300.jpg 300w, https:\/\/culturayciencia.org\/litterae\/wp-content\/uploads\/2024\/05\/Martin_Gomez_Litterae_2024-1-150x150.jpg 150w\" sizes=\"auto, (max-width: 417px) 100vw, 417px\" \/><\/figure>\n<\/div>\n\n\n<p class=\"has-text-align-center\"><b><strong><strong><strong><a href=\"https:\/\/culturayciencia.org\/litterae\/martin-gomez\/\">Mart\u00edn G\u00f3mez<\/a><\/strong><\/strong><\/strong><\/b><\/p>\n\n\n\n<p class=\"has-text-align-center has-vivid-red-color has-text-color\" style=\"font-size:15px\">Consultor Editorial<\/p>\n\n\n\n<p class=\"has-text-align-center has-vivid-red-color has-text-color\"><a href=\"https:\/\/culturayciencia.org\/litterae\/covadonga-dlom\/\">+ <\/a><a href=\"https:\/\/culturayciencia.org\/litterae\/martin-gomez\/\">Informaci\u00f3n<\/a><\/p>\n<\/div>\n\n\n\n<div class=\"wp-block-column is-layout-flow wp-block-column-is-layout-flow\"><div class=\"wp-block-image is-style-rounded\">\n<figure class=\"aligncenter size-full\"><img loading=\"lazy\" decoding=\"async\" width=\"417\" height=\"417\" src=\"https:\/\/culturayciencia.org\/litterae\/wp-content\/uploads\/2024\/05\/Quique_Olmos_Litterae_2024-1.jpg\" alt=\"\" class=\"wp-image-4522\" srcset=\"https:\/\/culturayciencia.org\/litterae\/wp-content\/uploads\/2024\/05\/Quique_Olmos_Litterae_2024-1.jpg 417w, https:\/\/culturayciencia.org\/litterae\/wp-content\/uploads\/2024\/05\/Quique_Olmos_Litterae_2024-1-300x300.jpg 300w, https:\/\/culturayciencia.org\/litterae\/wp-content\/uploads\/2024\/05\/Quique_Olmos_Litterae_2024-1-150x150.jpg 150w\" sizes=\"auto, (max-width: 417px) 100vw, 417px\" \/><\/figure>\n<\/div>\n\n\n<p class=\"has-text-align-center\"><strong><a href=\"https:\/\/culturayciencia.org\/litterae\/valentina-pozzoli\/\"><\/a><a href=\"https:\/\/culturayciencia.org\/litterae\/eva-boj\/\"><\/a><a href=\"https:\/\/culturayciencia.org\/litterae\/raul-herrero\/\"><\/a><\/strong><a href=\"https:\/\/culturayciencia.org\/litterae\/quique-olmos-2\/\"><strong>Quique Olmos<\/strong><br><\/a><em>(Moderador)<\/em><\/p>\n\n\n\n<p class=\"has-text-align-center has-vivid-red-color has-text-color\" style=\"font-size:15px\">Socio fundador de Grupo Editorial Sargantana<\/p>\n\n\n\n<p class=\"has-text-align-center has-vivid-red-color has-text-color\"><a href=\"https:\/\/culturayciencia.org\/litterae\/quique-olmos-2\/\">+ Informaci\u00f3n<\/a><\/p>\n<\/div>\n<\/div>\n\n\n\n<p><\/p>\n","protected":false},"excerpt":{"rendered":"","protected":false},"author":4,"featured_media":4671,"comment_status":"closed","ping_status":"closed","sticky":false,"template":"","format":"standard","meta":{"_acf_changed":false,"om_disable_all_campaigns":false,"_uag_custom_page_level_css":"","_monsterinsights_skip_tracking":false,"_monsterinsights_sitenote_active":false,"_monsterinsights_sitenote_note":"","_monsterinsights_sitenote_category":0,"_uf_show_specific_survey":0,"_uf_disable_surveys":false,"footnotes":""},"categories":[1],"tags":[],"class_list":["post-4670","post","type-post","status-publish","format-standard","has-post-thumbnail","hentry","category-uncategorized","no-featured-image-padding"],"acf":[],"aioseo_notices":[],"jetpack_featured_media_url":"https:\/\/culturayciencia.org\/litterae\/wp-content\/uploads\/2024\/05\/Desafios_mercado_internacional_litterae_2024-scaled.jpg","uagb_featured_image_src":{"full":["https:\/\/culturayciencia.org\/litterae\/wp-content\/uploads\/2024\/05\/Desafios_mercado_internacional_litterae_2024-scaled.jpg",2560,1441,false],"thumbnail":["https:\/\/culturayciencia.org\/litterae\/wp-content\/uploads\/2024\/05\/Desafios_mercado_internacional_litterae_2024-150x150.jpg",150,150,true],"medium":["https:\/\/culturayciencia.org\/litterae\/wp-content\/uploads\/2024\/05\/Desafios_mercado_internacional_litterae_2024-300x169.jpg",300,169,true],"medium_large":["https:\/\/culturayciencia.org\/litterae\/wp-content\/uploads\/2024\/05\/Desafios_mercado_internacional_litterae_2024-768x432.jpg",768,432,true],"large":["https:\/\/culturayciencia.org\/litterae\/wp-content\/uploads\/2024\/05\/Desafios_mercado_internacional_litterae_2024-1024x576.jpg",1024,576,true],"1536x1536":["https:\/\/culturayciencia.org\/litterae\/wp-content\/uploads\/2024\/05\/Desafios_mercado_internacional_litterae_2024-1536x864.jpg",1536,864,true],"2048x2048":["https:\/\/culturayciencia.org\/litterae\/wp-content\/uploads\/2024\/05\/Desafios_mercado_internacional_litterae_2024-2048x1152.jpg",2048,1152,true]},"uagb_author_info":{"display_name":false,"author_link":"https:\/\/culturayciencia.org\/litterae\/author\/librerae\/"},"uagb_comment_info":0,"uagb_excerpt":null,"_links":{"self":[{"href":"https:\/\/culturayciencia.org\/litterae\/wp-json\/wp\/v2\/posts\/4670","targetHints":{"allow":["GET"]}}],"collection":[{"href":"https:\/\/culturayciencia.org\/litterae\/wp-json\/wp\/v2\/posts"}],"about":[{"href":"https:\/\/culturayciencia.org\/litterae\/wp-json\/wp\/v2\/types\/post"}],"author":[{"embeddable":true,"href":"https:\/\/culturayciencia.org\/litterae\/wp-json\/wp\/v2\/users\/4"}],"replies":[{"embeddable":true,"href":"https:\/\/culturayciencia.org\/litterae\/wp-json\/wp\/v2\/comments?post=4670"}],"version-history":[{"count":0,"href":"https:\/\/culturayciencia.org\/litterae\/wp-json\/wp\/v2\/posts\/4670\/revisions"}],"wp:featuredmedia":[{"embeddable":true,"href":"https:\/\/culturayciencia.org\/litterae\/wp-json\/wp\/v2\/media\/4671"}],"wp:attachment":[{"href":"https:\/\/culturayciencia.org\/litterae\/wp-json\/wp\/v2\/media?parent=4670"}],"wp:term":[{"taxonomy":"category","embeddable":true,"href":"https:\/\/culturayciencia.org\/litterae\/wp-json\/wp\/v2\/categories?post=4670"},{"taxonomy":"post_tag","embeddable":true,"href":"https:\/\/culturayciencia.org\/litterae\/wp-json\/wp\/v2\/tags?post=4670"}],"curies":[{"name":"wp","href":"https:\/\/api.w.org\/{rel}","templated":true}]}}