{"id":4675,"date":"2024-05-13T19:26:44","date_gmt":"2024-05-13T17:26:44","guid":{"rendered":"https:\/\/culturayciencia.org\/litterae\/?p=4675"},"modified":"2024-05-22T14:29:23","modified_gmt":"2024-05-22T12:29:23","slug":"la-literatura-en-los-medios-de-comunicacion","status":"publish","type":"post","link":"https:\/\/culturayciencia.org\/litterae\/la-literatura-en-los-medios-de-comunicacion\/","title":{"rendered":"La literatura en los medios de comunicaci\u00f3n"},"content":{"rendered":"\n<div style=\"height:47px\" aria-hidden=\"true\" class=\"wp-block-spacer\"><\/div>\n\n\n\n<div class=\"wp-block-uagb-advanced-heading uagb-block-654819c5\"><h2 class=\"uagb-heading-text\"><strong><strong><strong><strong><strong>La literatura en los medios de comunicaci\u00f3n<\/strong><\/strong><\/strong><\/strong><\/strong><\/h2><p class=\"uagb-desc-text\">Viernes, 24 de Mayo a las 17:00h.<\/p><\/div>\n\n\n\n<p class=\"has-text-align-center\">Abordar\u00e1 diversas cuestiones, entre otras el papel de los medios de comunicaci\u00f3n convencionales en la difusi\u00f3n de la literaria, c\u00f3mo influyen en el fomento de la lectura y en lo que los lectores\/as leen. Tambi\u00e9n su relaci\u00f3n con las nuevas formas de comunicaci\u00f3n.<\/p>\n\n\n\n<p class=\"has-text-align-center has-vivid-red-color has-text-color has-medium-font-size\"><strong>Participan<\/strong>:<\/p>\n\n\n\n<div class=\"wp-block-columns is-layout-flex wp-container-core-columns-is-layout-9d6595d7 wp-block-columns-is-layout-flex\">\n<div class=\"wp-block-column is-layout-flow wp-block-column-is-layout-flow\"><div class=\"wp-block-image is-style-rounded\">\n<figure class=\"aligncenter size-full\"><img loading=\"lazy\" decoding=\"async\" width=\"417\" height=\"417\" src=\"https:\/\/culturayciencia.org\/litterae\/wp-content\/uploads\/2024\/05\/Antonio_Martinez_Asensio_Litterae_2024.jpg\" alt=\"\" class=\"wp-image-4633\" srcset=\"https:\/\/culturayciencia.org\/litterae\/wp-content\/uploads\/2024\/05\/Antonio_Martinez_Asensio_Litterae_2024.jpg 417w, https:\/\/culturayciencia.org\/litterae\/wp-content\/uploads\/2024\/05\/Antonio_Martinez_Asensio_Litterae_2024-300x300.jpg 300w, https:\/\/culturayciencia.org\/litterae\/wp-content\/uploads\/2024\/05\/Antonio_Martinez_Asensio_Litterae_2024-150x150.jpg 150w\" sizes=\"auto, (max-width: 417px) 100vw, 417px\" \/><\/figure>\n<\/div>\n\n\n<p class=\"has-text-align-center\"><strong><strong><strong><strong><strong><strong><strong><strong><strong><strong><strong><strong><strong><strong><strong><strong><strong><strong><strong><strong><strong><strong><a href=\"https:\/\/culturayciencia.org\/litterae\/humberto-miro\/\"><\/a><a href=\"https:\/\/culturayciencia.org\/litterae\/mariano-antolin-rato\/\"><\/a><a href=\"https:\/\/culturayciencia.org\/litterae\/pedro-meseguer\/\" rel=\"sponsored nofollow\"><\/a><strong><strong><strong><a href=\"https:\/\/culturayciencia.org\/litterae\/antonio-martinez-asensio\/\"><strong>Antonio Mart\u00ednez Asensio<\/strong><\/a><\/strong><\/strong><\/strong><\/strong><\/strong><\/strong><\/strong><\/strong><\/strong><\/strong><\/strong><\/strong><\/strong><\/strong><\/strong><\/strong><\/strong><\/strong><\/strong><\/strong><\/strong><\/strong><\/strong><\/strong><\/strong><\/p>\n\n\n\n<p class=\"has-text-align-center has-vivid-red-color has-text-color\" style=\"font-size:15px\">Periodista Cultural.<br>Un libro una hora. Cadena Ser<\/p>\n\n\n\n<p class=\"has-text-align-center has-vivid-red-color has-text-color\"><a href=\"https:\/\/culturayciencia.org\/litterae\/antonio-martinez-asensio\/\">+ Informaci\u00f3n<\/a><\/p>\n<\/div>\n\n\n\n<div class=\"wp-block-column is-layout-flow wp-block-column-is-layout-flow\"><div class=\"wp-block-image is-style-rounded\">\n<figure class=\"aligncenter size-full\"><img loading=\"lazy\" decoding=\"async\" width=\"417\" height=\"417\" src=\"https:\/\/culturayciencia.org\/litterae\/wp-content\/uploads\/2024\/05\/Juan_Suarez_Litterae_2024.jpg\" alt=\"\" class=\"wp-image-4609\" srcset=\"https:\/\/culturayciencia.org\/litterae\/wp-content\/uploads\/2024\/05\/Juan_Suarez_Litterae_2024.jpg 417w, https:\/\/culturayciencia.org\/litterae\/wp-content\/uploads\/2024\/05\/Juan_Suarez_Litterae_2024-300x300.jpg 300w, https:\/\/culturayciencia.org\/litterae\/wp-content\/uploads\/2024\/05\/Juan_Suarez_Litterae_2024-150x150.jpg 150w\" sizes=\"auto, (max-width: 417px) 100vw, 417px\" \/><\/figure>\n<\/div>\n\n\n<p class=\"has-text-align-center\"><strong><strong><strong><strong><strong><strong><strong><strong><strong><strong><strong><strong><strong><strong><strong><strong><strong><strong><strong><strong><strong><strong><strong><strong><a href=\"https:\/\/culturayciencia.org\/litterae\/antonio-corzo\/\"><\/a><a href=\"https:\/\/culturayciencia.org\/litterae\/natalia-zarco\/\"><\/a><a href=\"https:\/\/culturayciencia.org\/litterae\/antonio-maria-avila-alvarez\/\"><\/a><strong><strong><strong><a href=\"https:\/\/culturayciencia.org\/litterae\/juan-suarez-barquero-2\/\"><strong>Juan Su\u00e1rez Barquero<\/strong><\/a><\/strong><\/strong><\/strong><\/strong><\/strong><\/strong><\/strong><\/strong><\/strong><\/strong><\/strong><\/strong><\/strong><\/strong><\/strong><\/strong><\/strong><\/strong><\/strong><\/strong><\/strong><\/strong><\/strong><\/strong><\/strong><\/strong><\/strong><\/p>\n\n\n\n<p class=\"has-text-align-center has-vivid-red-color has-text-color\" style=\"font-size:15px\">Locutor, guionista de radio y actor de voz.<br>LaLiB\u00e9LuLa. Radio 3<\/p>\n\n\n\n<p class=\"has-text-align-center has-vivid-red-color has-text-color\"><a href=\"https:\/\/culturayciencia.org\/litterae\/juan-suarez-barquero-2\/\">+ Informaci\u00f3n<\/a><\/p>\n<\/div>\n\n\n\n<div class=\"wp-block-column is-layout-flow wp-block-column-is-layout-flow\"><div class=\"wp-block-image is-style-rounded\">\n<figure class=\"aligncenter size-full\"><img loading=\"lazy\" decoding=\"async\" width=\"417\" height=\"417\" src=\"https:\/\/culturayciencia.org\/litterae\/wp-content\/uploads\/2024\/04\/Arturo_Tendero_Litterae_2024.jpg\" alt=\"\" class=\"wp-image-4448\" srcset=\"https:\/\/culturayciencia.org\/litterae\/wp-content\/uploads\/2024\/04\/Arturo_Tendero_Litterae_2024.jpg 417w, https:\/\/culturayciencia.org\/litterae\/wp-content\/uploads\/2024\/04\/Arturo_Tendero_Litterae_2024-300x300.jpg 300w, https:\/\/culturayciencia.org\/litterae\/wp-content\/uploads\/2024\/04\/Arturo_Tendero_Litterae_2024-150x150.jpg 150w\" sizes=\"auto, (max-width: 417px) 100vw, 417px\" \/><\/figure>\n<\/div>\n\n\n<p class=\"has-text-align-center\"><strong><strong><strong><strong><strong><strong><strong><strong><strong><strong><strong><strong><strong><strong><strong><strong><strong><strong><strong><strong><strong><strong><strong><strong><a href=\"https:\/\/culturayciencia.org\/litterae\/antonio-corzo\/\"><\/a><a href=\"https:\/\/culturayciencia.org\/litterae\/natalia-zarco\/\"><\/a><a href=\"https:\/\/culturayciencia.org\/litterae\/antonio-maria-avila-alvarez\/\"><\/a><strong><strong><strong><a href=\"https:\/\/culturayciencia.org\/litterae\/arturo-tendero-2\/\"><strong><strong>Arturo Tendero<\/strong><\/strong><\/a><\/strong><\/strong><\/strong><\/strong><\/strong><\/strong><\/strong><\/strong><\/strong><\/strong><\/strong><\/strong><\/strong><\/strong><\/strong><\/strong><\/strong><\/strong><\/strong><\/strong><\/strong><\/strong><\/strong><\/strong><\/strong><\/strong><\/strong><\/p>\n\n\n\n<p class=\"has-text-align-center has-vivid-red-color has-text-color\" style=\"font-size:15px\">Periodista, escritor y cr\u00edtico literario<\/p>\n\n\n\n<p class=\"has-text-align-center has-vivid-red-color has-text-color\"><a href=\"https:\/\/culturayciencia.org\/litterae\/arturo-tendero-2\/\">+ Informaci\u00f3n<\/a><\/p>\n<\/div>\n<\/div>\n\n\n\n<p><\/p>\n","protected":false},"excerpt":{"rendered":"","protected":false},"author":4,"featured_media":4727,"comment_status":"closed","ping_status":"closed","sticky":false,"template":"","format":"standard","meta":{"_acf_changed":false,"om_disable_all_campaigns":false,"_uag_custom_page_level_css":"","_monsterinsights_skip_tracking":false,"_monsterinsights_sitenote_active":false,"_monsterinsights_sitenote_note":"","_monsterinsights_sitenote_category":0,"_uf_show_specific_survey":0,"_uf_disable_surveys":false,"footnotes":""},"categories":[1],"tags":[],"class_list":["post-4675","post","type-post","status-publish","format-standard","has-post-thumbnail","hentry","category-uncategorized","no-featured-image-padding"],"acf":[],"aioseo_notices":[],"jetpack_featured_media_url":"https:\/\/culturayciencia.org\/litterae\/wp-content\/uploads\/2024\/05\/Literatura_medios_comunicacion_litterae_2024_01-scaled.jpg","uagb_featured_image_src":{"full":["https:\/\/culturayciencia.org\/litterae\/wp-content\/uploads\/2024\/05\/Literatura_medios_comunicacion_litterae_2024_01-scaled.jpg",2560,1441,false],"thumbnail":["https:\/\/culturayciencia.org\/litterae\/wp-content\/uploads\/2024\/05\/Literatura_medios_comunicacion_litterae_2024_01-150x150.jpg",150,150,true],"medium":["https:\/\/culturayciencia.org\/litterae\/wp-content\/uploads\/2024\/05\/Literatura_medios_comunicacion_litterae_2024_01-300x169.jpg",300,169,true],"medium_large":["https:\/\/culturayciencia.org\/litterae\/wp-content\/uploads\/2024\/05\/Literatura_medios_comunicacion_litterae_2024_01-768x432.jpg",768,432,true],"large":["https:\/\/culturayciencia.org\/litterae\/wp-content\/uploads\/2024\/05\/Literatura_medios_comunicacion_litterae_2024_01-1024x576.jpg",1024,576,true],"1536x1536":["https:\/\/culturayciencia.org\/litterae\/wp-content\/uploads\/2024\/05\/Literatura_medios_comunicacion_litterae_2024_01-1536x864.jpg",1536,864,true],"2048x2048":["https:\/\/culturayciencia.org\/litterae\/wp-content\/uploads\/2024\/05\/Literatura_medios_comunicacion_litterae_2024_01-2048x1152.jpg",2048,1152,true]},"uagb_author_info":{"display_name":false,"author_link":"https:\/\/culturayciencia.org\/litterae\/author\/librerae\/"},"uagb_comment_info":0,"uagb_excerpt":null,"_links":{"self":[{"href":"https:\/\/culturayciencia.org\/litterae\/wp-json\/wp\/v2\/posts\/4675","targetHints":{"allow":["GET"]}}],"collection":[{"href":"https:\/\/culturayciencia.org\/litterae\/wp-json\/wp\/v2\/posts"}],"about":[{"href":"https:\/\/culturayciencia.org\/litterae\/wp-json\/wp\/v2\/types\/post"}],"author":[{"embeddable":true,"href":"https:\/\/culturayciencia.org\/litterae\/wp-json\/wp\/v2\/users\/4"}],"replies":[{"embeddable":true,"href":"https:\/\/culturayciencia.org\/litterae\/wp-json\/wp\/v2\/comments?post=4675"}],"version-history":[{"count":0,"href":"https:\/\/culturayciencia.org\/litterae\/wp-json\/wp\/v2\/posts\/4675\/revisions"}],"wp:featuredmedia":[{"embeddable":true,"href":"https:\/\/culturayciencia.org\/litterae\/wp-json\/wp\/v2\/media\/4727"}],"wp:attachment":[{"href":"https:\/\/culturayciencia.org\/litterae\/wp-json\/wp\/v2\/media?parent=4675"}],"wp:term":[{"taxonomy":"category","embeddable":true,"href":"https:\/\/culturayciencia.org\/litterae\/wp-json\/wp\/v2\/categories?post=4675"},{"taxonomy":"post_tag","embeddable":true,"href":"https:\/\/culturayciencia.org\/litterae\/wp-json\/wp\/v2\/tags?post=4675"}],"curies":[{"name":"wp","href":"https:\/\/api.w.org\/{rel}","templated":true}]}}